{"provider_url": "https://www.januaria.mg.leg.br", "title": "Convite Audi\u00eancia P\u00fablica ", "html": "<p>\u00a0</p>\r\n<p>O presidente da C\u00e2mara Municipal de Janu\u00e1ria convida a popula\u00e7\u00e3o januarense para \u201cAUDI\u00caNCIA P\u00daBLICA\u201d, a pedido da Secret\u00e1ria Municipal de Sa\u00fade, a realizar-se no dia 24/03/2026, \u00e0s 09:00 horas, no audit\u00f3rio \u2018Prof. S\u00edlvio Azevedo\u2019, local de reuni\u00f5es e Plen\u00e1rio da C\u00e2mara, na Av. Marechal Deodoro da Fonseca, n\u00ba 202, com a seguinte pauta:</p>\r\n<p>\u00a0</p>\r\n<ul>\r\n<li>\u00a0<strong>Apresenta\u00e7\u00e3o e aprecia\u00e7\u00e3o do RDQA (Relat\u00f3rio Detalhado do Quadrimestre Anterior), em cumprimento \u00e0s normas legais.</strong></li>\r\n</ul>\r\n<p>\u00a0</p>\r\n<p>Contamos com a participa\u00e7\u00e3o de todos.</p>\r\n<p><br />Neiriberto Vieira de Souza<br />Presidente</p>", "author_name": "", "version": "1.0", "author_url": "https://www.januaria.mg.leg.br/author/tecnico", "provider_name": "C\u00e2mara Municipal de Janu\u00e1ria", "type": "rich"}